{"id":932,"date":"2020-06-29T15:07:01","date_gmt":"2020-06-29T13:07:01","guid":{"rendered":"http:\/\/www.pwd.drwinia.pl\/?p=932"},"modified":"2020-06-29T15:07:01","modified_gmt":"2020-06-29T13:07:01","slug":"wazne-informacje-dotyczace-kolonii-letniej","status":"publish","type":"post","link":"https:\/\/pwd.drwinia.pl\/?p=932","title":{"rendered":"Wa\u017cne informacje dotycz\u0105ce kolonii letniej!"},"content":{"rendered":"<p>Kierownik Plac\u00f3wki Wsparcia Dziennego dla dzieci i m\u0142odzie\u017cy w Niedarach informuje, \u017ce rodzice dzieci wyje\u017cd\u017caj\u0105cych na koloni\u0119 letni\u0105 s\u0105 proszeni o zapoznanie si\u0119 z programem oraz regulaminem kolonii zamieszczonymi poni\u017cej oraz wydrukowanie i wype\u0142nienie karty kwalifikacyjnej i dostarczenie do Plac\u00f3wki Wsparcia Dziennego w Niedarach do czwartku tj. do 02.07.2020 r. lub osobiste stawienie si\u0119 w wyznaczonym terminie w plac\u00f3wce w celu wype\u0142nienia dokument\u00f3w.<\/p>\n<p><!--more--><\/p>\n<ol>\n<li><a href=\"https:\/\/pwd.drwinia.pl\/wp-content\/uploads\/2020\/06\/Plan-koloni-21.07-31.07-Jaros\u0142awiec.pdf\">Plan koloni 21.07-31.07 Jaros\u0142awiec<\/a><\/li>\n<li><a href=\"https:\/\/pwd.drwinia.pl\/wp-content\/uploads\/2020\/06\/Regulamin-dotycz\u0105cy-COVID-19.pdf\">Regulamin dotycz\u0105cy COVID 19<\/a><\/li>\n<li><a href=\"https:\/\/pwd.drwinia.pl\/wp-content\/uploads\/2020\/06\/Karta-kwalifikacyjna-uczestnika-i-regulamin-o\u015bwiadczenia.pdf\">Karta kwalifikacyjna uczestnika i regulamin o\u015bwiadczenia<\/a><\/li>\n<li><a href=\"https:\/\/pwd.drwinia.pl\/wp-content\/uploads\/2020\/06\/O\u015bwiadczenia-w-dniu-wyjazdu-dla-uczestnik\u00f3w.pdf\">O\u015bwiadczenia w dniu wyjazdu dla uczestnik\u00f3w<\/a><\/li>\n<li><a href=\"https:\/\/pwd.drwinia.pl\/wp-content\/uploads\/2020\/06\/ulotka-dezynfekcja_ra\u0328k.pdf\">Ulotka &#8211; dezynfekcja ra\u0328k<\/a><\/li>\n<\/ol>\n<p><a href=\"https:\/\/pwd.drwinia.pl\/wp-content\/uploads\/2020\/06\/Jak-my\u0107-r\u0119ce.png\"><img loading=\"lazy\" decoding=\"async\" class=\"alignnone size-full wp-image-938\" src=\"https:\/\/pwd.drwinia.pl\/wp-content\/uploads\/2020\/06\/Jak-my\u0107-r\u0119ce.png\" alt=\"\" width=\"1200\" height=\"1800\" srcset=\"https:\/\/pwd.drwinia.pl\/wp-content\/uploads\/2020\/06\/Jak-my\u0107-r\u0119ce.png 1200w, https:\/\/pwd.drwinia.pl\/wp-content\/uploads\/2020\/06\/Jak-my\u0107-r\u0119ce-200x300.png 200w, https:\/\/pwd.drwinia.pl\/wp-content\/uploads\/2020\/06\/Jak-my\u0107-r\u0119ce-768x1152.png 768w, https:\/\/pwd.drwinia.pl\/wp-content\/uploads\/2020\/06\/Jak-my\u0107-r\u0119ce-683x1024.png 683w\" sizes=\"auto, (max-width: 767px) 89vw, (max-width: 1000px) 54vw, (max-width: 1071px) 543px, 580px\" \/><\/a><\/p>\n<p><a href=\"https:\/\/pwd.drwinia.pl\/wp-content\/uploads\/2020\/06\/maseczka-MZ-PIS.png\"><img loading=\"lazy\" decoding=\"async\" class=\"alignnone size-full wp-image-939\" src=\"https:\/\/pwd.drwinia.pl\/wp-content\/uploads\/2020\/06\/maseczka-MZ-PIS.png\" alt=\"\" width=\"1200\" height=\"1200\" srcset=\"https:\/\/pwd.drwinia.pl\/wp-content\/uploads\/2020\/06\/maseczka-MZ-PIS.png 1200w, https:\/\/pwd.drwinia.pl\/wp-content\/uploads\/2020\/06\/maseczka-MZ-PIS-150x150.png 150w, https:\/\/pwd.drwinia.pl\/wp-content\/uploads\/2020\/06\/maseczka-MZ-PIS-300x300.png 300w, https:\/\/pwd.drwinia.pl\/wp-content\/uploads\/2020\/06\/maseczka-MZ-PIS-768x768.png 768w, https:\/\/pwd.drwinia.pl\/wp-content\/uploads\/2020\/06\/maseczka-MZ-PIS-1024x1024.png 1024w, https:\/\/pwd.drwinia.pl\/wp-content\/uploads\/2020\/06\/maseczka-MZ-PIS-100x100.png 100w\" sizes=\"auto, (max-width: 767px) 89vw, (max-width: 1000px) 54vw, (max-width: 1071px) 543px, 580px\" \/><\/a><\/p>\n<p><a href=\"https:\/\/pwd.drwinia.pl\/wp-content\/uploads\/2020\/06\/r\u0119kawiczki.png\"><img loading=\"lazy\" decoding=\"async\" class=\"alignnone size-full wp-image-940\" src=\"https:\/\/pwd.drwinia.pl\/wp-content\/uploads\/2020\/06\/r\u0119kawiczki.png\" alt=\"\" width=\"1200\" height=\"1800\" srcset=\"https:\/\/pwd.drwinia.pl\/wp-content\/uploads\/2020\/06\/r\u0119kawiczki.png 1200w, https:\/\/pwd.drwinia.pl\/wp-content\/uploads\/2020\/06\/r\u0119kawiczki-200x300.png 200w, https:\/\/pwd.drwinia.pl\/wp-content\/uploads\/2020\/06\/r\u0119kawiczki-768x1152.png 768w, https:\/\/pwd.drwinia.pl\/wp-content\/uploads\/2020\/06\/r\u0119kawiczki-683x1024.png 683w\" sizes=\"auto, (max-width: 767px) 89vw, (max-width: 1000px) 54vw, (max-width: 1071px) 543px, 580px\" \/><\/a><\/p>\n","protected":false},"excerpt":{"rendered":"<p>Kierownik Plac\u00f3wki Wsparcia Dziennego dla dzieci i m\u0142odzie\u017cy w Niedarach informuje, \u017ce rodzice dzieci wyje\u017cd\u017caj\u0105cych na koloni\u0119 letni\u0105 s\u0105 proszeni o zapoznanie si\u0119 z programem oraz regulaminem kolonii zamieszczonymi poni\u017cej oraz wydrukowanie i wype\u0142nienie karty kwalifikacyjnej i dostarczenie do Plac\u00f3wki Wsparcia Dziennego w Niedarach do czwartku tj. do 02.07.2020 r. lub osobiste stawienie si\u0119 w &hellip; <\/p>\n<p class=\"link-more\"><a href=\"https:\/\/pwd.drwinia.pl\/?p=932\" class=\"more-link\">Czytaj dalej<span class=\"screen-reader-text\"> \u201eWa\u017cne informacje dotycz\u0105ce kolonii letniej!\u201d<\/span><\/a><\/p>\n","protected":false},"author":1,"featured_media":0,"comment_status":"closed","ping_status":"closed","sticky":false,"template":"","format":"standard","meta":{"footnotes":""},"categories":[1],"tags":[],"class_list":["post-932","post","type-post","status-publish","format-standard","hentry","category-bez-kategorii"],"_links":{"self":[{"href":"https:\/\/pwd.drwinia.pl\/index.php?rest_route=\/wp\/v2\/posts\/932","targetHints":{"allow":["GET"]}}],"collection":[{"href":"https:\/\/pwd.drwinia.pl\/index.php?rest_route=\/wp\/v2\/posts"}],"about":[{"href":"https:\/\/pwd.drwinia.pl\/index.php?rest_route=\/wp\/v2\/types\/post"}],"author":[{"embeddable":true,"href":"https:\/\/pwd.drwinia.pl\/index.php?rest_route=\/wp\/v2\/users\/1"}],"replies":[{"embeddable":true,"href":"https:\/\/pwd.drwinia.pl\/index.php?rest_route=%2Fwp%2Fv2%2Fcomments&post=932"}],"version-history":[{"count":1,"href":"https:\/\/pwd.drwinia.pl\/index.php?rest_route=\/wp\/v2\/posts\/932\/revisions"}],"predecessor-version":[{"id":941,"href":"https:\/\/pwd.drwinia.pl\/index.php?rest_route=\/wp\/v2\/posts\/932\/revisions\/941"}],"wp:attachment":[{"href":"https:\/\/pwd.drwinia.pl\/index.php?rest_route=%2Fwp%2Fv2%2Fmedia&parent=932"}],"wp:term":[{"taxonomy":"category","embeddable":true,"href":"https:\/\/pwd.drwinia.pl\/index.php?rest_route=%2Fwp%2Fv2%2Fcategories&post=932"},{"taxonomy":"post_tag","embeddable":true,"href":"https:\/\/pwd.drwinia.pl\/index.php?rest_route=%2Fwp%2Fv2%2Ftags&post=932"}],"curies":[{"name":"wp","href":"https:\/\/api.w.org\/{rel}","templated":true}]}}