{"id":593,"date":"2019-09-19T15:12:37","date_gmt":"2019-09-19T13:12:37","guid":{"rendered":"http:\/\/www.pwd.drwinia.pl\/?p=593"},"modified":"2019-09-19T15:12:37","modified_gmt":"2019-09-19T13:12:37","slug":"ogloszenie-o-naborze-na-stanowisko-pracy-pedagog-ulicy-05-etatu-2","status":"publish","type":"post","link":"https:\/\/pwd.drwinia.pl\/?p=593","title":{"rendered":"Og\u0142oszenie o naborze na stanowisko pracy \u2013 Pedagog ulicy \u2013 0,5 etatu"},"content":{"rendered":"<p><strong>Kierownik Plac\u00f3wki Wsparcia Dziennego dla Dzieci i M\u0142odzie\u017cy w Niedarach og\u0142asza nab\u00f3r kandydat\u00f3w na wolne stanowisko: Pedagog ulicy \u2013 0,5 etatu<\/strong> w ramach projektu pn. \u201eUtworzenie Plac\u00f3wki Wsparcia Dziennego dla Dzieci i M\u0142odzie\u017cy w Gminie Drwinia\u201d. Projekt jest wsp\u00f3\u0142finansowany z Europejskiego Funduszu Spo\u0142ecznego w ramach Dzia\u0142ania 9.2 Us\u0142ugi spo\u0142eczne i zdrowotne Poddzia\u0142anie 9.2.1 Us\u0142ugi spo\u0142eczne i zdrowotne w regionie Regionalnego Programu Operacyjnego Wojew\u00f3dztwa Ma\u0142opolskiego na lata 2014- 2020. Typ projektu C wsparcie dla tworzenia i\/lub dzia\u0142alno\u015bci plac\u00f3wek wsparcia dziennego dla dzieci i m\u0142odzie\u017cy.<\/p>\n<p><!--more--><\/p>\n<p><a href=\"https:\/\/pwd.drwinia.pl\/wp-content\/uploads\/2019\/09\/20190919145700328.pdf\">Og\u0142oszenie o naborze na stanowisko pracy \u2013 Pedagog ulicy \u2013 0,5 etatu<\/a><\/p>\n","protected":false},"excerpt":{"rendered":"<p>Kierownik Plac\u00f3wki Wsparcia Dziennego dla Dzieci i M\u0142odzie\u017cy w Niedarach og\u0142asza nab\u00f3r kandydat\u00f3w na wolne stanowisko: Pedagog ulicy \u2013 0,5 etatu w ramach projektu pn. \u201eUtworzenie Plac\u00f3wki Wsparcia Dziennego dla Dzieci i M\u0142odzie\u017cy w Gminie Drwinia\u201d. Projekt jest wsp\u00f3\u0142finansowany z Europejskiego Funduszu Spo\u0142ecznego w ramach Dzia\u0142ania 9.2 Us\u0142ugi spo\u0142eczne i zdrowotne Poddzia\u0142anie 9.2.1 Us\u0142ugi spo\u0142eczne &hellip; <\/p>\n<p class=\"link-more\"><a href=\"https:\/\/pwd.drwinia.pl\/?p=593\" class=\"more-link\">Czytaj dalej<span class=\"screen-reader-text\"> \u201eOg\u0142oszenie o naborze na stanowisko pracy \u2013 Pedagog ulicy \u2013 0,5 etatu\u201d<\/span><\/a><\/p>\n","protected":false},"author":1,"featured_media":0,"comment_status":"closed","ping_status":"closed","sticky":false,"template":"","format":"standard","meta":{"footnotes":""},"categories":[1],"tags":[],"class_list":["post-593","post","type-post","status-publish","format-standard","hentry","category-bez-kategorii"],"_links":{"self":[{"href":"https:\/\/pwd.drwinia.pl\/index.php?rest_route=\/wp\/v2\/posts\/593","targetHints":{"allow":["GET"]}}],"collection":[{"href":"https:\/\/pwd.drwinia.pl\/index.php?rest_route=\/wp\/v2\/posts"}],"about":[{"href":"https:\/\/pwd.drwinia.pl\/index.php?rest_route=\/wp\/v2\/types\/post"}],"author":[{"embeddable":true,"href":"https:\/\/pwd.drwinia.pl\/index.php?rest_route=\/wp\/v2\/users\/1"}],"replies":[{"embeddable":true,"href":"https:\/\/pwd.drwinia.pl\/index.php?rest_route=%2Fwp%2Fv2%2Fcomments&post=593"}],"version-history":[{"count":1,"href":"https:\/\/pwd.drwinia.pl\/index.php?rest_route=\/wp\/v2\/posts\/593\/revisions"}],"predecessor-version":[{"id":595,"href":"https:\/\/pwd.drwinia.pl\/index.php?rest_route=\/wp\/v2\/posts\/593\/revisions\/595"}],"wp:attachment":[{"href":"https:\/\/pwd.drwinia.pl\/index.php?rest_route=%2Fwp%2Fv2%2Fmedia&parent=593"}],"wp:term":[{"taxonomy":"category","embeddable":true,"href":"https:\/\/pwd.drwinia.pl\/index.php?rest_route=%2Fwp%2Fv2%2Fcategories&post=593"},{"taxonomy":"post_tag","embeddable":true,"href":"https:\/\/pwd.drwinia.pl\/index.php?rest_route=%2Fwp%2Fv2%2Ftags&post=593"}],"curies":[{"name":"wp","href":"https:\/\/api.w.org\/{rel}","templated":true}]}}