{"id":576,"date":"2019-09-12T23:12:11","date_gmt":"2019-09-12T21:12:11","guid":{"rendered":"http:\/\/www.pwd.drwinia.pl\/?p=576"},"modified":"2019-09-12T23:12:11","modified_gmt":"2019-09-12T21:12:11","slug":"ogloszenie-o-zamowieniu-usluga-organizacji-wypoczynku-letniego-oraz-zimowisk","status":"publish","type":"post","link":"https:\/\/pwd.drwinia.pl\/?p=576","title":{"rendered":"Og\u0142oszenie o zam\u00f3wieniu \u2013 Us\u0142uga organizacji wypoczynku letniego oraz zimowisk"},"content":{"rendered":"<p><strong>Plac\u00f3wka Wsparcia Dziennego dla Dzieci i M\u0142odzie\u017cy w Niedarach og\u0142asza przetarg nieograniczony zgodnie z postanowieniami ustawy z dnia 29 stycznia 2004r. Prawo zam\u00f3wie\u0144 publicznych (Dz.U.2017.1579 t.j. z dnia 2017.08.24) na realizacje zadania pn.: \u201eUs\u0142uga organizacji wypoczynku letniego oraz zimowisk w latach 2019-2021 dla dzieci i m\u0142odzie\u017cy w wieku 7-18 lat tj. podopiecznych Plac\u00f3wki Wsparcia Dziennego dla Dzieci i M\u0142odzie\u017cy w Niedarach, Gmina Drwinia\u201d,<\/strong><\/p>\n<p><!--more--><\/p>\n<p>Osobami uprawnionymi do porozumiewania si\u0119 z Wykonawcami s\u0105:<\/p>\n<p>a) w zakresie przedmiotu zam\u00f3wienia:<br \/>\nRafa\u0142 Hajduk \u2013 Koordynator Projektu<br \/>\ntel. 12 284 98 14<\/p>\n<p>Dariusz Jeliczko \u2013 Z-ca Koordynatora Projektu<br \/>\ntel. 12 284 98 14<\/p>\n<p>b) w zakresie post\u0119powania:<br \/>\nAnna Top\u00f3r \u2013 Specjalista ds. zam\u00f3wie\u0144 publicznych<br \/>\ntel. 12 284 98 21<\/p>\n<p>Szczeg\u00f3\u0142owe informacje zawarte s\u0105 w poni\u017cej podanym linku oraz w zak\u0142adce \u201eZam\u00f3wienia publiczne\u201d<\/p>\n<p><a href=\"http:\/\/przetargi.propublico.pl\/OgloszeniaSzczegoly.aspx?MasterPage=EmptyMasterPage&amp;id=47115\">http:\/\/przetargi.propublico.pl\/OgloszeniaSzczegoly.aspx?MasterPage=EmptyMasterPage&amp;id=47115<\/a><\/p>\n","protected":false},"excerpt":{"rendered":"<p>Plac\u00f3wka Wsparcia Dziennego dla Dzieci i M\u0142odzie\u017cy w Niedarach og\u0142asza przetarg nieograniczony zgodnie z postanowieniami ustawy z dnia 29 stycznia 2004r. Prawo zam\u00f3wie\u0144 publicznych (Dz.U.2017.1579 t.j. z dnia 2017.08.24) na realizacje zadania pn.: \u201eUs\u0142uga organizacji wypoczynku letniego oraz zimowisk w latach 2019-2021 dla dzieci i m\u0142odzie\u017cy w wieku 7-18 lat tj. podopiecznych Plac\u00f3wki Wsparcia Dziennego &hellip; <\/p>\n<p class=\"link-more\"><a href=\"https:\/\/pwd.drwinia.pl\/?p=576\" class=\"more-link\">Czytaj dalej<span class=\"screen-reader-text\"> \u201eOg\u0142oszenie o zam\u00f3wieniu \u2013 Us\u0142uga organizacji wypoczynku letniego oraz zimowisk\u201d<\/span><\/a><\/p>\n","protected":false},"author":1,"featured_media":0,"comment_status":"closed","ping_status":"closed","sticky":false,"template":"","format":"standard","meta":{"footnotes":""},"categories":[1],"tags":[],"class_list":["post-576","post","type-post","status-publish","format-standard","hentry","category-bez-kategorii"],"_links":{"self":[{"href":"https:\/\/pwd.drwinia.pl\/index.php?rest_route=\/wp\/v2\/posts\/576","targetHints":{"allow":["GET"]}}],"collection":[{"href":"https:\/\/pwd.drwinia.pl\/index.php?rest_route=\/wp\/v2\/posts"}],"about":[{"href":"https:\/\/pwd.drwinia.pl\/index.php?rest_route=\/wp\/v2\/types\/post"}],"author":[{"embeddable":true,"href":"https:\/\/pwd.drwinia.pl\/index.php?rest_route=\/wp\/v2\/users\/1"}],"replies":[{"embeddable":true,"href":"https:\/\/pwd.drwinia.pl\/index.php?rest_route=%2Fwp%2Fv2%2Fcomments&post=576"}],"version-history":[{"count":1,"href":"https:\/\/pwd.drwinia.pl\/index.php?rest_route=\/wp\/v2\/posts\/576\/revisions"}],"predecessor-version":[{"id":577,"href":"https:\/\/pwd.drwinia.pl\/index.php?rest_route=\/wp\/v2\/posts\/576\/revisions\/577"}],"wp:attachment":[{"href":"https:\/\/pwd.drwinia.pl\/index.php?rest_route=%2Fwp%2Fv2%2Fmedia&parent=576"}],"wp:term":[{"taxonomy":"category","embeddable":true,"href":"https:\/\/pwd.drwinia.pl\/index.php?rest_route=%2Fwp%2Fv2%2Fcategories&post=576"},{"taxonomy":"post_tag","embeddable":true,"href":"https:\/\/pwd.drwinia.pl\/index.php?rest_route=%2Fwp%2Fv2%2Ftags&post=576"}],"curies":[{"name":"wp","href":"https:\/\/api.w.org\/{rel}","templated":true}]}}