{"id":562,"date":"2019-09-11T18:46:05","date_gmt":"2019-09-11T16:46:05","guid":{"rendered":"http:\/\/www.pwd.drwinia.pl\/?p=562"},"modified":"2019-09-11T18:46:05","modified_gmt":"2019-09-11T16:46:05","slug":"rekrutacja-do-placowki-wsparcia-dziennego-w-niedarach-takze-dla-rodzicow","status":"publish","type":"post","link":"https:\/\/pwd.drwinia.pl\/?p=562","title":{"rendered":"Rekrutacja do Plac\u00f3wki Wsparcia Dziennego w Niedarach \u2013 tak\u017ce dla rodzic\u00f3w!"},"content":{"rendered":"<p>Przypominamy, \u017ce nadal trwa rekrutacja do Plac\u00f3wki Wsparcia Dziennego w Niedarach. Do zapis\u00f3w zapraszamy tak\u017ce wszystkich ch\u0119tnych rodzic\u00f3w dzieci uczestnicz\u0105cych w projekcie. W ramach dzia\u0142alno\u015bci Plac\u00f3wki oferujemy warsztaty i szkolenia o r\u00f3\u017cnorodnej tematyce. Osobom doros\u0142ym proponujemy r\u00f3wnie\u017c indywidualne spotkania ze specjalistami dostosowane do potrzeb.<\/p>\n<p><!--more--><\/p>\n<p>Wszystkie informacje i formularze zwi\u0105zane z rekrutacj\u0105 dost\u0119pne s\u0105:<\/p>\n<p>\u2013 w siedzibach wszystkich 5 szk\u00f3\u0142 podstawowych na terenie Gminy Drwinia,<\/p>\n<p>\u2013 na dzienniku podawczym Urz\u0119du Gminy Drwinia, Drwinia 57, 32-709 Drwinia, parter budynku,<\/p>\n<p>\u2013 w biurze koordynatora projektu w budynku Urz\u0119du Gminy pok. 11,<\/p>\n<p>\u2013 w siedzibie GOPS w Drwini \u2013 pok\u00f3j pracownika socjalnego<\/p>\n<p>oraz na stronach internetowych Gminy Drwinia \u2013 www.drwinia.pl, Gminnego O\u015brodka Pomocy Spo\u0142ecznej w Drwini \u2013 www.gopsdrwinia.naszops.pl, Plac\u00f3wki Wsparcia Dziennego dla Dzieci i M\u0142odzie\u017cy w Niedarach \u2013 www.pwd.drwinia.pl<\/p>\n<p>Rekrutacja prowadzona jest w trybie ci\u0105g\u0142ym.<\/p>\n<p>Kompletn\u0105 dokumentacje rekrutacyjn\u0105 (Formularz rekrutacji) nale\u017cy z\u0142o\u017cy\u0107 w zamkni\u0119tych kopertach z napisem \u201eRekrutacja do PWD w Niedarach\u201d<br \/>\n\u2013 na dzienniku podawczym Urz\u0119du Gminy Drwinia, Drwinia 57, 32-709 Drwinia, parter budynku<br \/>\n\u2013 na dzienniku podawczym Gminnego O\u015brodka Pomocy Spo\u0142ecznej w Drwini, Drwinia 57, 32-709 Drwinia.<\/p>\n<p>Decyzj\u0119 o przyj\u0119ciu rodzica do Plac\u00f3wki podejmie Komisja Rekrutacyjna na podstawie kryteri\u00f3w okre\u015blonych w regulaminie rekrutacji.<\/p>\n<p>Dzia\u0142ania realizowane w ramach projektu pn. \u201eUtworzenie Plac\u00f3wki Wsparcia Dziennego dla Dzieci i M\u0142odzie\u017cy w Gminie Drwinia\u201d s\u0105 wsp\u00f3\u0142finansowane z Europejskiego Funduszu Spo\u0142ecznego w ramach Dzia\u0142ania 9.2 Us\u0142ugi spo\u0142eczne i zdrowotne Poddzia\u0142anie 9.2.1 Us\u0142ugi spo\u0142eczne i zdrowotne w regionie Regionalnego Programu Operacyjnego Wojew\u00f3dztwa Ma\u0142opolskiego na lata 2014- 2020. Typ projektu C wsparcie dla tworzenia i\/lub dzia\u0142alno\u015bci plac\u00f3wek wsparcia dziennego dla dzieci i m\u0142odzie\u017cy.<\/p>\n<p>Niezb\u0119dne dokumenty:<\/p>\n<p>1. <a href=\"https:\/\/pwd.drwinia.pl\/wp-content\/uploads\/2019\/04\/Regulamin-rekrutacji.pdf\">Regulamin rekrutacji<\/a><\/p>\n<p>2. <a style=\"font-size: 1rem;\" href=\"https:\/\/pwd.drwinia.pl\/wp-content\/uploads\/2019\/04\/Forumlarz-zg%C5%82oszeniowy.doc\">Formularz zg\u0142oszeniowy<\/a><\/p>\n","protected":false},"excerpt":{"rendered":"<p>Przypominamy, \u017ce nadal trwa rekrutacja do Plac\u00f3wki Wsparcia Dziennego w Niedarach. Do zapis\u00f3w zapraszamy tak\u017ce wszystkich ch\u0119tnych rodzic\u00f3w dzieci uczestnicz\u0105cych w projekcie. W ramach dzia\u0142alno\u015bci Plac\u00f3wki oferujemy warsztaty i szkolenia o r\u00f3\u017cnorodnej tematyce. Osobom doros\u0142ym proponujemy r\u00f3wnie\u017c indywidualne spotkania ze specjalistami dostosowane do potrzeb.<\/p>\n","protected":false},"author":1,"featured_media":0,"comment_status":"closed","ping_status":"closed","sticky":false,"template":"","format":"standard","meta":{"footnotes":""},"categories":[1],"tags":[],"class_list":["post-562","post","type-post","status-publish","format-standard","hentry","category-bez-kategorii"],"_links":{"self":[{"href":"https:\/\/pwd.drwinia.pl\/index.php?rest_route=\/wp\/v2\/posts\/562","targetHints":{"allow":["GET"]}}],"collection":[{"href":"https:\/\/pwd.drwinia.pl\/index.php?rest_route=\/wp\/v2\/posts"}],"about":[{"href":"https:\/\/pwd.drwinia.pl\/index.php?rest_route=\/wp\/v2\/types\/post"}],"author":[{"embeddable":true,"href":"https:\/\/pwd.drwinia.pl\/index.php?rest_route=\/wp\/v2\/users\/1"}],"replies":[{"embeddable":true,"href":"https:\/\/pwd.drwinia.pl\/index.php?rest_route=%2Fwp%2Fv2%2Fcomments&post=562"}],"version-history":[{"count":1,"href":"https:\/\/pwd.drwinia.pl\/index.php?rest_route=\/wp\/v2\/posts\/562\/revisions"}],"predecessor-version":[{"id":563,"href":"https:\/\/pwd.drwinia.pl\/index.php?rest_route=\/wp\/v2\/posts\/562\/revisions\/563"}],"wp:attachment":[{"href":"https:\/\/pwd.drwinia.pl\/index.php?rest_route=%2Fwp%2Fv2%2Fmedia&parent=562"}],"wp:term":[{"taxonomy":"category","embeddable":true,"href":"https:\/\/pwd.drwinia.pl\/index.php?rest_route=%2Fwp%2Fv2%2Fcategories&post=562"},{"taxonomy":"post_tag","embeddable":true,"href":"https:\/\/pwd.drwinia.pl\/index.php?rest_route=%2Fwp%2Fv2%2Ftags&post=562"}],"curies":[{"name":"wp","href":"https:\/\/api.w.org\/{rel}","templated":true}]}}