{"id":1661,"date":"2024-10-31T14:09:56","date_gmt":"2024-10-31T13:09:56","guid":{"rendered":"https:\/\/pwd.drwinia.pl\/?p=1661"},"modified":"2024-10-31T14:09:56","modified_gmt":"2024-10-31T13:09:56","slug":"zajecia-w-placowce-wsparcia-dziennego-w-niedarach","status":"publish","type":"post","link":"https:\/\/pwd.drwinia.pl\/?p=1661","title":{"rendered":"Zaj\u0119cia w Plac\u00f3wce Wsparcia Dziennego w Niedarach"},"content":{"rendered":"<p>W Plac\u00f3wce Wsparcia Dziennego w Niedarach odbywaj\u0105 si\u0119 grupowe zaj\u0119cia opieku\u0144czo-wychowawcze, a tak\u017ce zaj\u0119cia terapeutyczne &#8211; logopedyczne oraz korekcyjno-kompensacyjne ( indywidualne lub w ma\u0142ych 2-3 osobowych grupach).<\/p>\n<p>Na zaj\u0119ciach logopedycznych dzieci rozwijaj\u0105 i wzbogacaj\u0105 mow\u0119, ucz\u0105 si\u0119 poprawnej artykulacji zaburzonych g\u0142osek i poszerzaj\u0105 zakres s\u0142ownictwa.<\/p>\n<p>Na zaj\u0119ciach korekcyjno-kompensacyjnych niwelowane s\u0105 trudno\u015bci, kt\u00f3re prowadz\u0105 do niepowodze\u0144 szkolnych. Usprawniana jest percepcja wzrokowa i s\u0142uchowa, sprawno\u015b\u0107 grafomotoryczna, koncentracja uwagi i pami\u0119\u0107 . Dzieci doskonal\u0105 r\u00f3wnie\u017c umiej\u0119tno\u015bci szkolne &#8211; czytanie, pisanie, liczenie itp.<\/p>\n<p><strong>Zar\u00f3wno terapia logopedyczna jak i pedagogiczna dostosowana jest do indywidualnych potrzeb i predyspozycji dziecka.<\/strong><\/p>\n<p>W czasie pobytu dzieci w PWD organizowane s\u0105\u00a0 r\u00f3\u017cne gry i zabawy edukacyjne, zaj\u0119cia rozwijaj\u0105ce zainteresowania,\u00a0 plastyczno-techniczne, muzyczne, czytelnicze oraz zaj\u0119cia tematyczne zwi\u0105zane z aktualn\u0105 por\u0105 roku czy obchodzonymi \u015bwi\u0119tami.\u00a0 Dzieci maj\u0105 r\u00f3wnie\u017c wsparcie w nauce oraz nadrabianiu zaleg\u0142o\u015bci szkolnych.<\/p>\n<p>Nab\u00f3r na zaj\u0119cia prowadzony jest w spos\u00f3b ci\u0105g\u0142y.<\/p>\n<p>Zapraszamy!<\/p>\n","protected":false},"excerpt":{"rendered":"<p>W Plac\u00f3wce Wsparcia Dziennego w Niedarach odbywaj\u0105 si\u0119 grupowe zaj\u0119cia opieku\u0144czo-wychowawcze, a tak\u017ce zaj\u0119cia terapeutyczne &#8211; logopedyczne oraz korekcyjno-kompensacyjne ( indywidualne lub w ma\u0142ych 2-3 osobowych grupach). Na zaj\u0119ciach logopedycznych dzieci rozwijaj\u0105 i wzbogacaj\u0105 mow\u0119, ucz\u0105 si\u0119 poprawnej artykulacji zaburzonych g\u0142osek i poszerzaj\u0105 zakres s\u0142ownictwa. Na zaj\u0119ciach korekcyjno-kompensacyjnych niwelowane s\u0105 trudno\u015bci, kt\u00f3re prowadz\u0105 do niepowodze\u0144 &hellip; <\/p>\n<p class=\"link-more\"><a href=\"https:\/\/pwd.drwinia.pl\/?p=1661\" class=\"more-link\">Czytaj dalej<span class=\"screen-reader-text\"> \u201eZaj\u0119cia w Plac\u00f3wce Wsparcia Dziennego w Niedarach\u201d<\/span><\/a><\/p>\n","protected":false},"author":3,"featured_media":0,"comment_status":"closed","ping_status":"closed","sticky":false,"template":"","format":"standard","meta":{"footnotes":""},"categories":[1],"tags":[],"class_list":["post-1661","post","type-post","status-publish","format-standard","hentry","category-bez-kategorii"],"_links":{"self":[{"href":"https:\/\/pwd.drwinia.pl\/index.php?rest_route=\/wp\/v2\/posts\/1661","targetHints":{"allow":["GET"]}}],"collection":[{"href":"https:\/\/pwd.drwinia.pl\/index.php?rest_route=\/wp\/v2\/posts"}],"about":[{"href":"https:\/\/pwd.drwinia.pl\/index.php?rest_route=\/wp\/v2\/types\/post"}],"author":[{"embeddable":true,"href":"https:\/\/pwd.drwinia.pl\/index.php?rest_route=\/wp\/v2\/users\/3"}],"replies":[{"embeddable":true,"href":"https:\/\/pwd.drwinia.pl\/index.php?rest_route=%2Fwp%2Fv2%2Fcomments&post=1661"}],"version-history":[{"count":1,"href":"https:\/\/pwd.drwinia.pl\/index.php?rest_route=\/wp\/v2\/posts\/1661\/revisions"}],"predecessor-version":[{"id":1662,"href":"https:\/\/pwd.drwinia.pl\/index.php?rest_route=\/wp\/v2\/posts\/1661\/revisions\/1662"}],"wp:attachment":[{"href":"https:\/\/pwd.drwinia.pl\/index.php?rest_route=%2Fwp%2Fv2%2Fmedia&parent=1661"}],"wp:term":[{"taxonomy":"category","embeddable":true,"href":"https:\/\/pwd.drwinia.pl\/index.php?rest_route=%2Fwp%2Fv2%2Fcategories&post=1661"},{"taxonomy":"post_tag","embeddable":true,"href":"https:\/\/pwd.drwinia.pl\/index.php?rest_route=%2Fwp%2Fv2%2Ftags&post=1661"}],"curies":[{"name":"wp","href":"https:\/\/api.w.org\/{rel}","templated":true}]}}